{"id":3463,"date":"2025-05-16T07:23:53","date_gmt":"2025-05-16T05:23:53","guid":{"rendered":"https:\/\/steinbachtal-burkarder-gs.de\/?p=3463"},"modified":"2025-05-22T18:01:23","modified_gmt":"2025-05-22T16:01:23","slug":"kunst-ag-fruehlingssehnsucht","status":"publish","type":"post","link":"https:\/\/steinbachtal-burkarder-gs.de\/?p=3463","title":{"rendered":"Kunst-AG: Fr\u00fchlingssehnsucht"},"content":{"rendered":"\n<p><strong>Kunst AG: \u201eFr\u00fchlingssehnsucht\u201c<\/strong> Februar bis Mai 2025\u00a0\u00a0\u00a0\u00a0\u00a0\u00a0\u00a0\u00a0\u00a0\u00a0\u00a0\u00a0\u00a0\u00a0\u00a0\u00a0\u00a0\u00a0\u00a0\u00a0\u00a0\u00a0\u00a0\u00a0\u00a0\u00a0\u00a0\u00a0\u00a0\u00a0\u00a0\u00a0\u00a0\u00a0\u00a0\u00a0\u00a0\u00a0\u00a0\u00a0\u00a0\u00a0\u00a0\u00a0\u00a0 19.05.2025<br><\/p>\n\n\n\n<figure class=\"wp-block-gallery has-nested-images columns-default is-cropped wp-block-gallery-1 is-layout-flex wp-block-gallery-is-layout-flex\">\n<figure class=\"wp-block-image size-large\"><a href=\"https:\/\/steinbachtal-burkarder-gs.de\/wp-content\/uploads\/2025\/05\/DSCN5235-1.jpg\"><img loading=\"lazy\" decoding=\"async\" width=\"787\" height=\"547\" data-id=\"3464\" src=\"https:\/\/steinbachtal-burkarder-gs.de\/wp-content\/uploads\/2025\/05\/DSCN5235-1.jpg\" alt=\"\" class=\"wp-image-3464\" srcset=\"https:\/\/steinbachtal-burkarder-gs.de\/wp-content\/uploads\/2025\/05\/DSCN5235-1.jpg 787w, https:\/\/steinbachtal-burkarder-gs.de\/wp-content\/uploads\/2025\/05\/DSCN5235-1-300x209.jpg 300w, https:\/\/steinbachtal-burkarder-gs.de\/wp-content\/uploads\/2025\/05\/DSCN5235-1-768x534.jpg 768w, https:\/\/steinbachtal-burkarder-gs.de\/wp-content\/uploads\/2025\/05\/DSCN5235-1-750x521.jpg 750w\" sizes=\"(max-width: 787px) 100vw, 787px\" \/><\/a><\/figure>\n\n\n\n<figure class=\"wp-block-image size-large\"><a href=\"https:\/\/steinbachtal-burkarder-gs.de\/wp-content\/uploads\/2025\/05\/DSCN5248-1.jpg\"><img loading=\"lazy\" decoding=\"async\" width=\"623\" height=\"724\" data-id=\"3465\" src=\"https:\/\/steinbachtal-burkarder-gs.de\/wp-content\/uploads\/2025\/05\/DSCN5248-1.jpg\" alt=\"\" class=\"wp-image-3465\" srcset=\"https:\/\/steinbachtal-burkarder-gs.de\/wp-content\/uploads\/2025\/05\/DSCN5248-1.jpg 623w, https:\/\/steinbachtal-burkarder-gs.de\/wp-content\/uploads\/2025\/05\/DSCN5248-1-258x300.jpg 258w\" sizes=\"(max-width: 623px) 100vw, 623px\" \/><\/a><\/figure>\n<\/figure>\n\n\n\n<p><br>An unserem ersten Kunstnachmittag empfing uns die Sonne mit ihren warmen Strahlen und wir konnten gem\u00e4\u00df unserem Thema &#8222;Fr\u00fchlingssehnsucht&#8220; sogar immer das gr\u00fcne Klassenzimmer nutzen.<br><br>Eine kleine quadratische Skizze stellte den Einstieg ins Thema dar. Die Kinder durften aus mehreren Materialkisten Kieselsteine, Wackelaugen und Muscheln aussuchen und sollten sodann eine Komposition mit mindestens drei V\u00f6geln erarbeiten. Die Skizze wurde dann auf Leinw\u00e4nde \u00fcbertragen und die Kieselsteine (Darstellung der V\u00f6gel bzw. der Tiere) mit Spezialkleber an den vorgesehenen Positionen fixiert. Da wir uns im gr\u00fcnen Klassenzimmer aufhielten, suchten manche Kinder auch noch kleinere Astzweige zur materiellen Vollendung.<br>Danach ging es in der zweiten Stunde an die Umgebungsgestaltung sowie die Farbgebung.<br>Die Ergebnisse k\u00f6nnen sich sehen lassen: V\u00f6gel auf der Schaukel, Osterhasen im Gras, V\u00f6gel im Fr\u00fchlingsgarten, Piepm\u00e4tze auf \u00c4sten und auf dem Gartenzaun. Da die Kunstwerke in der Fr\u00fchlingssonne trocknen konnten, durften diese gleich am Ende des zweiten Kunstnachmittags mit nach Hause.<br><br>Beim n\u00e4chsten Kunstnachmittag stand der Muttertag vor der T\u00fcr und auch der Vatertag nahte. Die Kinder lernten daher eine experimentelle Malweise mit \u00d6lpastell kennenlernen. Mit fl\u00fcchtigen Strichen wurde eine Gl\u00fcckwunschkarte entworfen und dann mit Oliven\u00f6l verwischt, so dass eine homogene, ansprechende Oberfl\u00e4che zum Vorschein kam. Danach gab es eine kleine Einf\u00fchrung in gutes Layout f\u00fcr den vorgesehenen Text, der dann zum Teil gleich bei der Umsetzung zur Anwendung kam.<br><br>In unserer Abschlussstunde tauchten wir unter Wasser ein und besch\u00e4ftigten uns mit dem Thema Kois und Fische im Allgemeinen; umgesetzt wurde es mit Twin Markern. Als kleinen Exkurs in die Welt der Abstraktion entstanden interessante Arbeiten mit Linien und schwungvollen Verbindungen. Einige Kinder entschieden sich auch f\u00fcr die Umsetzung mit der Leichtigkeit der Aquarelltechnik.<br><br><\/p>\n\n\n\n<p>Ich bedanke mich f\u00fcr die vielen lustigen und kreativen Einf\u00e4lle.<br><br><\/p>\n\n\n\n<p>Anna Adelmann<br><em>Kommunikationsdesign<\/em><\/p>\n","protected":false},"excerpt":{"rendered":"<p>Kunst AG: \u201eFr\u00fchlingssehnsucht\u201c Februar bis Mai 2025\u00a0\u00a0\u00a0\u00a0\u00a0\u00a0\u00a0\u00a0\u00a0\u00a0\u00a0\u00a0\u00a0\u00a0\u00a0\u00a0\u00a0\u00a0\u00a0\u00a0\u00a0\u00a0\u00a0\u00a0\u00a0\u00a0\u00a0\u00a0\u00a0\u00a0\u00a0\u00a0\u00a0\u00a0\u00a0\u00a0\u00a0\u00a0\u00a0\u00a0\u00a0\u00a0\u00a0\u00a0\u00a0 19.05.2025 An unserem ersten Kunstnachmittag empfing uns die Sonne mit ihren warmen Strahlen und wir konnten gem\u00e4\u00df unserem Thema &#8222;Fr\u00fchlingssehnsucht&#8220; sogar immer das gr\u00fcne Klassenzimmer nutzen. Eine kleine quadratische Skizze stellte den Einstieg ins Thema dar. Die Kinder durften aus mehreren Materialkisten Kieselsteine, Wackelaugen und Muscheln aussuchen und &hellip; <\/p>\n<p><a class=\"more-link btn\" href=\"https:\/\/steinbachtal-burkarder-gs.de\/?p=3463\">Weiterlesen<\/a><\/p>\n","protected":false},"author":4,"featured_media":0,"comment_status":"open","ping_status":"open","sticky":false,"template":"","format":"standard","meta":{"footnotes":""},"categories":[5],"tags":[72],"_links":{"self":[{"href":"https:\/\/steinbachtal-burkarder-gs.de\/index.php?rest_route=\/wp\/v2\/posts\/3463"}],"collection":[{"href":"https:\/\/steinbachtal-burkarder-gs.de\/index.php?rest_route=\/wp\/v2\/posts"}],"about":[{"href":"https:\/\/steinbachtal-burkarder-gs.de\/index.php?rest_route=\/wp\/v2\/types\/post"}],"author":[{"embeddable":true,"href":"https:\/\/steinbachtal-burkarder-gs.de\/index.php?rest_route=\/wp\/v2\/users\/4"}],"replies":[{"embeddable":true,"href":"https:\/\/steinbachtal-burkarder-gs.de\/index.php?rest_route=%2Fwp%2Fv2%2Fcomments&post=3463"}],"version-history":[{"count":3,"href":"https:\/\/steinbachtal-burkarder-gs.de\/index.php?rest_route=\/wp\/v2\/posts\/3463\/revisions"}],"predecessor-version":[{"id":3468,"href":"https:\/\/steinbachtal-burkarder-gs.de\/index.php?rest_route=\/wp\/v2\/posts\/3463\/revisions\/3468"}],"wp:attachment":[{"href":"https:\/\/steinbachtal-burkarder-gs.de\/index.php?rest_route=%2Fwp%2Fv2%2Fmedia&parent=3463"}],"wp:term":[{"taxonomy":"category","embeddable":true,"href":"https:\/\/steinbachtal-burkarder-gs.de\/index.php?rest_route=%2Fwp%2Fv2%2Fcategories&post=3463"},{"taxonomy":"post_tag","embeddable":true,"href":"https:\/\/steinbachtal-burkarder-gs.de\/index.php?rest_route=%2Fwp%2Fv2%2Ftags&post=3463"}],"curies":[{"name":"wp","href":"https:\/\/api.w.org\/{rel}","templated":true}]}}