{"id":3393,"date":"2025-01-30T15:20:58","date_gmt":"2025-01-30T14:20:58","guid":{"rendered":"https:\/\/steinbachtal-burkarder-gs.de\/?p=3393"},"modified":"2025-01-30T15:20:59","modified_gmt":"2025-01-30T14:20:59","slug":"kunst-ag-fantasiewelten","status":"publish","type":"post","link":"https:\/\/steinbachtal-burkarder-gs.de\/?p=3393","title":{"rendered":"Kunst AG: Fantasiewelten"},"content":{"rendered":"\n<p><strong>\u201ePhantasiewelten\u201c<\/strong>, Kunst AG Steinbachtalschule 09\/24 bis 01\/25<\/p>\n\n\n\n<p>Unser erster Kunstnachmittag f\u00fchrte uns bei sch\u00f6nem Herbstwetter in den angrenzenden Wald, um dort Naturstudien in Bezug auf B\u00e4ume sowie die Dicke und Verschlankung deren \u00c4ste zu betreiben. An Baumrinden gelehnt entstanden dort die ersten Skizzen f\u00fcr unsere &#8222;Phantasiewelten&#8220;.<\/p>\n\n\n\n<p>Das Gedicht von Heinz Erhard &#8220; Die Made&#8220;, das mit \u201eHinter eines Baumes Rinde\u2026\u201c beginnt, rundete das Thema ab und gab Anlass zum Schmunzeln.<\/p>\n\n\n\n<p>Als Phantasieanregung durften die Kids dann anschlie\u00dfend im Leseraum fr\u00f6hlich bunte, ausgemalte B\u00e4ume bewundern. Danach ging es mit wasservermalbaren Aquarellstiften daran die ersten Farbideen umsetzen.<\/p>\n\n\n\n<p>In der n\u00e4chsten Stunde ging es dann mit <em>fl\u00fcssigen<\/em> Aquarellfarben weiter, wobei uns beim Farbmischen die Erfahrungen in Bezug auf Farblehre aus dem Einstiegstag zugutekamen. Es entstanden Phantasiew\u00e4lder mit bunten Mustern im Stamm (statt brauner Rinde), aber auch Werke mit interessanten Farbverl\u00e4ufen sowie mit Pastellt\u00f6nen, die eher an Oasen in einer glei\u00dfenden W\u00fcstenlandschaft erinnern.<\/p>\n\n\n\n<p>Da die Adventszeit nun schon &#8222;vor der T\u00fcr stand&#8220; durften sich die Kinder an die Gestaltung einer vorweihnachtliche Pinguin-Schneelandschaft wagen.<\/p>\n\n\n\n<p>Los ging es mit der Gestaltung eines Eiszapfenpodests, auf dem der Nikolaus-Pinguin seinen Platz fand. Darunter warteten leere WC-Papierrollen darauf, dass der Nikolaus diese bef\u00fcllt. Als Verschluss an der Seite dienten dann wei\u00dfe Watteb\u00e4llchen. Wir sind alle gespannt, welche Gaben der Nikolaus bereit h\u00e4lt! &#x26c4;&#xfe0f;&#x1f385;<\/p>\n\n\n\n<p>Am n\u00e4chsten Kunst AG Nachmittag durften die Kinder Ihrer Fantasie freien Lauf lassen: ob unter Wasser oder an Land in einer selbst erdachten Fantasiewelt in einer Sanduhr. Die Ergebnisse k\u00f6nnen sich alle sehen lassen. Wachs\u00fcbermalte Quallen und Kraken in farblich interessant schimmernden Unterwasserwelten, mystisch angehauchte und an Atlantis angelehnte versunkene Burgen, H\u00e4user mit goldenen Zinnen und berg\u00e4hnliche Landschaften in Glassanduhren.<\/p>\n\n\n\n<p>Ich bedanke mich herzlich &#x2764;&#xfe0f; bei den Kids f\u00fcr die kreativen und sch\u00f6nen Kunstnachmittage.<\/p>\n\n\n\n<p><em>26.01.2025 Anna Adelmann, Kommunikationsdesignerin<\/em><\/p>\n\n\n\n<figure class=\"wp-block-image size-full\"><a href=\"https:\/\/steinbachtal-burkarder-gs.de\/wp-content\/uploads\/2025\/01\/Collage-1.png\"><img loading=\"lazy\" decoding=\"async\" width=\"639\" height=\"894\" src=\"https:\/\/steinbachtal-burkarder-gs.de\/wp-content\/uploads\/2025\/01\/Collage-1.png\" alt=\"\" class=\"wp-image-3394\" srcset=\"https:\/\/steinbachtal-burkarder-gs.de\/wp-content\/uploads\/2025\/01\/Collage-1.png 639w, https:\/\/steinbachtal-burkarder-gs.de\/wp-content\/uploads\/2025\/01\/Collage-1-214x300.png 214w\" sizes=\"(max-width: 639px) 100vw, 639px\" \/><\/a><\/figure>\n\n\n\n<figure class=\"wp-block-image size-full\"><a href=\"https:\/\/steinbachtal-burkarder-gs.de\/wp-content\/uploads\/2025\/01\/Collage-2-1.png\"><img loading=\"lazy\" decoding=\"async\" width=\"646\" height=\"894\" src=\"https:\/\/steinbachtal-burkarder-gs.de\/wp-content\/uploads\/2025\/01\/Collage-2-1.png\" alt=\"\" class=\"wp-image-3397\" srcset=\"https:\/\/steinbachtal-burkarder-gs.de\/wp-content\/uploads\/2025\/01\/Collage-2-1.png 646w, https:\/\/steinbachtal-burkarder-gs.de\/wp-content\/uploads\/2025\/01\/Collage-2-1-217x300.png 217w\" sizes=\"(max-width: 646px) 100vw, 646px\" \/><\/a><\/figure>\n\n\n\n<figure class=\"wp-block-image size-full\"><a href=\"https:\/\/steinbachtal-burkarder-gs.de\/wp-content\/uploads\/2025\/01\/Collage-3.png\"><img loading=\"lazy\" decoding=\"async\" width=\"563\" height=\"724\" src=\"https:\/\/steinbachtal-burkarder-gs.de\/wp-content\/uploads\/2025\/01\/Collage-3.png\" alt=\"\" class=\"wp-image-3396\" srcset=\"https:\/\/steinbachtal-burkarder-gs.de\/wp-content\/uploads\/2025\/01\/Collage-3.png 563w, https:\/\/steinbachtal-burkarder-gs.de\/wp-content\/uploads\/2025\/01\/Collage-3-233x300.png 233w\" sizes=\"(max-width: 563px) 100vw, 563px\" \/><\/a><\/figure>\n","protected":false},"excerpt":{"rendered":"<p>\u201ePhantasiewelten\u201c, Kunst AG Steinbachtalschule 09\/24 bis 01\/25 Unser erster Kunstnachmittag f\u00fchrte uns bei sch\u00f6nem Herbstwetter in den angrenzenden Wald, um dort Naturstudien in Bezug auf B\u00e4ume sowie die Dicke und Verschlankung deren \u00c4ste zu betreiben. An Baumrinden gelehnt entstanden dort die ersten Skizzen f\u00fcr unsere &#8222;Phantasiewelten&#8220;. Das Gedicht von Heinz Erhard &#8220; Die Made&#8220;, das &hellip; <\/p>\n<p><a class=\"more-link btn\" href=\"https:\/\/steinbachtal-burkarder-gs.de\/?p=3393\">Weiterlesen<\/a><\/p>\n","protected":false},"author":4,"featured_media":0,"comment_status":"open","ping_status":"open","sticky":false,"template":"","format":"standard","meta":{"footnotes":""},"categories":[5],"tags":[25],"_links":{"self":[{"href":"https:\/\/steinbachtal-burkarder-gs.de\/index.php?rest_route=\/wp\/v2\/posts\/3393"}],"collection":[{"href":"https:\/\/steinbachtal-burkarder-gs.de\/index.php?rest_route=\/wp\/v2\/posts"}],"about":[{"href":"https:\/\/steinbachtal-burkarder-gs.de\/index.php?rest_route=\/wp\/v2\/types\/post"}],"author":[{"embeddable":true,"href":"https:\/\/steinbachtal-burkarder-gs.de\/index.php?rest_route=\/wp\/v2\/users\/4"}],"replies":[{"embeddable":true,"href":"https:\/\/steinbachtal-burkarder-gs.de\/index.php?rest_route=%2Fwp%2Fv2%2Fcomments&post=3393"}],"version-history":[{"count":1,"href":"https:\/\/steinbachtal-burkarder-gs.de\/index.php?rest_route=\/wp\/v2\/posts\/3393\/revisions"}],"predecessor-version":[{"id":3398,"href":"https:\/\/steinbachtal-burkarder-gs.de\/index.php?rest_route=\/wp\/v2\/posts\/3393\/revisions\/3398"}],"wp:attachment":[{"href":"https:\/\/steinbachtal-burkarder-gs.de\/index.php?rest_route=%2Fwp%2Fv2%2Fmedia&parent=3393"}],"wp:term":[{"taxonomy":"category","embeddable":true,"href":"https:\/\/steinbachtal-burkarder-gs.de\/index.php?rest_route=%2Fwp%2Fv2%2Fcategories&post=3393"},{"taxonomy":"post_tag","embeddable":true,"href":"https:\/\/steinbachtal-burkarder-gs.de\/index.php?rest_route=%2Fwp%2Fv2%2Ftags&post=3393"}],"curies":[{"name":"wp","href":"https:\/\/api.w.org\/{rel}","templated":true}]}}